{"id":39,"date":"2022-09-23T08:56:47","date_gmt":"2022-09-23T08:56:47","guid":{"rendered":"https:\/\/wunderbarewelt.at\/?p=39"},"modified":"2022-09-23T09:18:49","modified_gmt":"2022-09-23T09:18:49","slug":"das-innere-team","status":"publish","type":"post","link":"https:\/\/wunderbarewelt.at\/?p=39","title":{"rendered":"Das innere Team"},"content":{"rendered":"\n<h2 class=\"wp-block-heading\"><sub>Niki, das innere Kind <em>sowie<\/em> <\/sub><br><sub>Sami, der Bodyguard<\/sub><\/h2>\n\n\n\n<figure class=\"wp-block-image size-large\"><img loading=\"lazy\" decoding=\"async\" width=\"1175\" height=\"881\" src=\"https:\/\/wunderbarewelt.at\/wp-content\/uploads\/2022\/09\/SamiNiki_2022-edited.png\" alt=\"\" class=\"wp-image-41\" srcset=\"https:\/\/wunderbarewelt.at\/wp-content\/uploads\/2022\/09\/SamiNiki_2022-edited.png 1175w, https:\/\/wunderbarewelt.at\/wp-content\/uploads\/2022\/09\/SamiNiki_2022-edited-300x225.png 300w, https:\/\/wunderbarewelt.at\/wp-content\/uploads\/2022\/09\/SamiNiki_2022-edited-1024x768.png 1024w, https:\/\/wunderbarewelt.at\/wp-content\/uploads\/2022\/09\/SamiNiki_2022-edited-768x576.png 768w\" sizes=\"auto, (max-width: 1175px) 100vw, 1175px\" \/><figcaption>Sami und Niki<\/figcaption><\/figure>\n\n\n\n<p>Das innere Kind steckt tief in jedem Menschen drin.&nbsp;<strong>Es darf alles<\/strong>. Seine Farbe ist Orange, die Farbe f\u00fcr das Selbstvertrauen. Wenn es nicht mehr weiter wei\u00df, stellt es viele Fragen. Dabei ist es achtsam und will gerne neue Lebenserfahrungen machen. Damit es neue Herausforderungen reflektieren kann, wird ihm der Bodyguard Sami zur Seite gestellt.<\/p>\n\n\n\n<p>Sami ist sein Besch\u00fctzer. Seine Farbe ist Blau, die Farbe der&nbsp;<strong>Sachlichkeit<\/strong>. Meist reicht es aus, wenn er einfach nur da ist. Er unternimmt nichts, wenn sein Sch\u00fctzling selbst auf die L\u00f6sung eines Problems kommen wird. Der Bodyguard macht sich niemals Sorgen und lacht gerne.<\/p>\n\n\n\n<h2 class=\"wp-block-heading\"><sub>Bacsi, der Chaot<\/sub><\/h2>\n\n\n\n<figure class=\"wp-block-image aligncenter size-full is-resized\"><img loading=\"lazy\" decoding=\"async\" src=\"https:\/\/wunderbarewelt.at\/wp-content\/uploads\/2022\/09\/Bacsi.png\" alt=\"\" class=\"wp-image-42\" width=\"200\" height=\"278\" srcset=\"https:\/\/wunderbarewelt.at\/wp-content\/uploads\/2022\/09\/Bacsi.png 488w, https:\/\/wunderbarewelt.at\/wp-content\/uploads\/2022\/09\/Bacsi-216x300.png 216w\" sizes=\"auto, (max-width: 200px) 100vw, 200px\" \/><figcaption>Bacsi<\/figcaption><\/figure>\n\n\n\n<p>Der liebe Bacsi stammt von einem Stern, auf dem es keine Farben gibt. Als er in die wunderbare Welt kam, war er so begeistert von den&nbsp;<strong>Farben<\/strong>, dass er sofort alles bunt anmalte. Er f\u00e4rbte die Leute ein, die Blumen und malt einem Walross auch schon mal die bedrohlichen Hauer zuckerstangenfarbig an, damit es netter aussieht. Unser Bacsi ist \u00e4u\u00dferst kreativ und voller Energie.<\/p>\n\n\n\n<h2 class=\"wp-block-heading\"><sub>Amon, der schlaue Vogel<\/sub><\/h2>\n\n\n\n<figure class=\"wp-block-image aligncenter size-full is-resized\"><img loading=\"lazy\" decoding=\"async\" src=\"https:\/\/wunderbarewelt.at\/wp-content\/uploads\/2022\/09\/ww0_svg_Hintergrund-blau-01.png\" alt=\"\" class=\"wp-image-43\" width=\"188\" height=\"335\" srcset=\"https:\/\/wunderbarewelt.at\/wp-content\/uploads\/2022\/09\/ww0_svg_Hintergrund-blau-01.png 244w, https:\/\/wunderbarewelt.at\/wp-content\/uploads\/2022\/09\/ww0_svg_Hintergrund-blau-01-168x300.png 168w\" sizes=\"auto, (max-width: 188px) 100vw, 188px\" \/><figcaption>Amon<\/figcaption><\/figure>\n\n\n\n<p>Unser ver-r\u00fcckter Amon Vogel wohnt auf dem absoluten Baum. Von dort kann er die ganze Welt \u00fcberblicken und weil er so viel sieht, wird er als schlauer Vogel bezeichnet. Eigentlich ist er&nbsp;<strong>eher etwas verr\u00fcckt<\/strong>. Der Vogel&nbsp;fliegt nie, sondern sitzt den lieben langen Tag in seinem Nest oben, um seine Federn zu putzen. Nur einmal t\u00e4glich steigt er am Baumstamm hinab, um Fragen zu beantworten und ein paar Beeren zu essen.<\/p>\n\n\n\n<h2 class=\"wp-block-heading\"><sub>Rudi Beckmesser, der Kritiker<\/sub><\/h2>\n\n\n\n<figure class=\"wp-block-image aligncenter size-full is-resized\"><img loading=\"lazy\" decoding=\"async\" src=\"https:\/\/wunderbarewelt.at\/wp-content\/uploads\/2022\/09\/Rudi_Beckmesser_FB.png\" alt=\"\" class=\"wp-image-54\" width=\"320\" height=\"290\" srcset=\"https:\/\/wunderbarewelt.at\/wp-content\/uploads\/2022\/09\/Rudi_Beckmesser_FB.png 638w, https:\/\/wunderbarewelt.at\/wp-content\/uploads\/2022\/09\/Rudi_Beckmesser_FB-300x272.png 300w\" sizes=\"auto, (max-width: 320px) 100vw, 320px\" \/><figcaption>Rudi<\/figcaption><\/figure>\n\n\n\n<p>Dieser Rudi ist immer und \u00fcberall. Er wei\u00df alles und&nbsp;<strong>kritisiert f\u00fcr sein Leben gern<\/strong>. Manchmal \u00fcbertreibt er seine Kritik und dabei st\u00f6\u00dft er die Leute vor den Kopf. Auch er lernt stetig dazu und findet heraus, wie er seine Kritik zur Motivation einsetzen kann.<\/p>\n\n\n\n<p><\/p>\n","protected":false},"excerpt":{"rendered":"<p>Das innere Kind steckt tief in jedem Menschen drin.\u00a0Es darf alles und wenn es nicht mehr weiter wei\u00df, stellt es viele Fragen. Sein Bodyguard hilft dem inneren Kind, wenn m\u00f6glich, selbst auf die L\u00f6sung zu kommen.<\/p>\n","protected":false},"author":1,"featured_media":61,"comment_status":"open","ping_status":"open","sticky":false,"template":"","format":"standard","meta":{"footnotes":""},"categories":[13,14,15],"tags":[8,12,10,16,6,3],"class_list":["post-39","post","type-post","status-publish","format-standard","has-post-thumbnail","hentry","category-fantasy","category-magic-world","category-matter","tag-amon","tag-kinderliteratur","tag-magie","tag-matter","tag-sami","tag-wunderbar"],"yoast_head":"<!-- This site is optimized with the Yoast SEO plugin v21.6 - https:\/\/yoast.com\/wordpress\/plugins\/seo\/ -->\n<title>Das innere Team - Wunderbarewelt<\/title>\n<meta name=\"robots\" content=\"index, follow, max-snippet:-1, max-image-preview:large, max-video-preview:-1\" \/>\n<link rel=\"canonical\" href=\"https:\/\/wunderbarewelt.at\/?p=39\" \/>\n<meta property=\"og:locale\" content=\"de_DE\" \/>\n<meta property=\"og:type\" content=\"article\" \/>\n<meta property=\"og:title\" content=\"Das innere Team - Wunderbarewelt\" \/>\n<meta property=\"og:description\" content=\"Das innere Kind steckt tief in jedem Menschen drin.\u00a0Es darf alles und wenn es nicht mehr weiter wei\u00df, stellt es viele Fragen. Sein Bodyguard hilft dem inneren Kind, wenn m\u00f6glich, selbst auf die L\u00f6sung zu kommen.\" \/>\n<meta property=\"og:url\" content=\"https:\/\/wunderbarewelt.at\/?p=39\" \/>\n<meta property=\"og:site_name\" content=\"Wunderbarewelt\" \/>\n<meta property=\"article:published_time\" content=\"2022-09-23T08:56:47+00:00\" \/>\n<meta property=\"article:modified_time\" content=\"2022-09-23T09:18:49+00:00\" \/>\n<meta property=\"og:image\" content=\"https:\/\/wunderbarewelt.at\/wp-content\/uploads\/2022\/09\/we_Niki-und-sin-Team_Sendung_01-fuer-Radio-Proton.png\" \/>\n\t<meta property=\"og:image:width\" content=\"1152\" \/>\n\t<meta property=\"og:image:height\" content=\"1057\" \/>\n\t<meta property=\"og:image:type\" content=\"image\/png\" \/>\n<meta name=\"author\" content=\"admin\" \/>\n<meta name=\"twitter:card\" content=\"summary_large_image\" \/>\n<meta name=\"twitter:label1\" content=\"Verfasst von\" \/>\n\t<meta name=\"twitter:data1\" content=\"admin\" \/>\n\t<meta name=\"twitter:label2\" content=\"Gesch\u00e4tzte Lesezeit\" \/>\n\t<meta name=\"twitter:data2\" content=\"3\u00a0Minuten\" \/>\n<script type=\"application\/ld+json\" class=\"yoast-schema-graph\">{\"@context\":\"https:\/\/schema.org\",\"@graph\":[{\"@type\":\"WebPage\",\"@id\":\"https:\/\/wunderbarewelt.at\/?p=39\",\"url\":\"https:\/\/wunderbarewelt.at\/?p=39\",\"name\":\"Das innere Team - Wunderbarewelt\",\"isPartOf\":{\"@id\":\"https:\/\/wunderbarewelt.at\/#website\"},\"datePublished\":\"2022-09-23T08:56:47+00:00\",\"dateModified\":\"2022-09-23T09:18:49+00:00\",\"author\":{\"@id\":\"https:\/\/wunderbarewelt.at\/#\/schema\/person\/90f1d75575ae9f3271baa003eddcc94f\"},\"breadcrumb\":{\"@id\":\"https:\/\/wunderbarewelt.at\/?p=39#breadcrumb\"},\"inLanguage\":\"de\",\"potentialAction\":[{\"@type\":\"ReadAction\",\"target\":[\"https:\/\/wunderbarewelt.at\/?p=39\"]}]},{\"@type\":\"BreadcrumbList\",\"@id\":\"https:\/\/wunderbarewelt.at\/?p=39#breadcrumb\",\"itemListElement\":[{\"@type\":\"ListItem\",\"position\":1,\"name\":\"Startseite\",\"item\":\"https:\/\/wunderbarewelt.at\/\"},{\"@type\":\"ListItem\",\"position\":2,\"name\":\"Das innere Team\"}]},{\"@type\":\"WebSite\",\"@id\":\"https:\/\/wunderbarewelt.at\/#website\",\"url\":\"https:\/\/wunderbarewelt.at\/\",\"name\":\"Wunderbarewelt\",\"description\":\"Just another WordPress site\",\"potentialAction\":[{\"@type\":\"SearchAction\",\"target\":{\"@type\":\"EntryPoint\",\"urlTemplate\":\"https:\/\/wunderbarewelt.at\/?s={search_term_string}\"},\"query-input\":\"required name=search_term_string\"}],\"inLanguage\":\"de\"},{\"@type\":\"Person\",\"@id\":\"https:\/\/wunderbarewelt.at\/#\/schema\/person\/90f1d75575ae9f3271baa003eddcc94f\",\"name\":\"admin\",\"image\":{\"@type\":\"ImageObject\",\"inLanguage\":\"de\",\"@id\":\"https:\/\/wunderbarewelt.at\/#\/schema\/person\/image\/\",\"url\":\"https:\/\/secure.gravatar.com\/avatar\/d95ed41672a920659d9268dafe442cfd1805b4fb641c2d4c935997f5c80097a2?s=96&d=mm&r=g\",\"contentUrl\":\"https:\/\/secure.gravatar.com\/avatar\/d95ed41672a920659d9268dafe442cfd1805b4fb641c2d4c935997f5c80097a2?s=96&d=mm&r=g\",\"caption\":\"admin\"},\"sameAs\":[\"https:\/\/wunderbarewelt.at\"],\"url\":\"https:\/\/wunderbarewelt.at\/?author=1\"}]}<\/script>\n<!-- \/ Yoast SEO plugin. -->","yoast_head_json":{"title":"Das innere Team - Wunderbarewelt","robots":{"index":"index","follow":"follow","max-snippet":"max-snippet:-1","max-image-preview":"max-image-preview:large","max-video-preview":"max-video-preview:-1"},"canonical":"https:\/\/wunderbarewelt.at\/?p=39","og_locale":"de_DE","og_type":"article","og_title":"Das innere Team - Wunderbarewelt","og_description":"Das innere Kind steckt tief in jedem Menschen drin.\u00a0Es darf alles und wenn es nicht mehr weiter wei\u00df, stellt es viele Fragen. Sein Bodyguard hilft dem inneren Kind, wenn m\u00f6glich, selbst auf die L\u00f6sung zu kommen.","og_url":"https:\/\/wunderbarewelt.at\/?p=39","og_site_name":"Wunderbarewelt","article_published_time":"2022-09-23T08:56:47+00:00","article_modified_time":"2022-09-23T09:18:49+00:00","og_image":[{"width":1152,"height":1057,"url":"https:\/\/wunderbarewelt.at\/wp-content\/uploads\/2022\/09\/we_Niki-und-sin-Team_Sendung_01-fuer-Radio-Proton.png","type":"image\/png"}],"author":"admin","twitter_card":"summary_large_image","twitter_misc":{"Verfasst von":"admin","Gesch\u00e4tzte Lesezeit":"3\u00a0Minuten"},"schema":{"@context":"https:\/\/schema.org","@graph":[{"@type":"WebPage","@id":"https:\/\/wunderbarewelt.at\/?p=39","url":"https:\/\/wunderbarewelt.at\/?p=39","name":"Das innere Team - Wunderbarewelt","isPartOf":{"@id":"https:\/\/wunderbarewelt.at\/#website"},"datePublished":"2022-09-23T08:56:47+00:00","dateModified":"2022-09-23T09:18:49+00:00","author":{"@id":"https:\/\/wunderbarewelt.at\/#\/schema\/person\/90f1d75575ae9f3271baa003eddcc94f"},"breadcrumb":{"@id":"https:\/\/wunderbarewelt.at\/?p=39#breadcrumb"},"inLanguage":"de","potentialAction":[{"@type":"ReadAction","target":["https:\/\/wunderbarewelt.at\/?p=39"]}]},{"@type":"BreadcrumbList","@id":"https:\/\/wunderbarewelt.at\/?p=39#breadcrumb","itemListElement":[{"@type":"ListItem","position":1,"name":"Startseite","item":"https:\/\/wunderbarewelt.at\/"},{"@type":"ListItem","position":2,"name":"Das innere Team"}]},{"@type":"WebSite","@id":"https:\/\/wunderbarewelt.at\/#website","url":"https:\/\/wunderbarewelt.at\/","name":"Wunderbarewelt","description":"Just another WordPress site","potentialAction":[{"@type":"SearchAction","target":{"@type":"EntryPoint","urlTemplate":"https:\/\/wunderbarewelt.at\/?s={search_term_string}"},"query-input":"required name=search_term_string"}],"inLanguage":"de"},{"@type":"Person","@id":"https:\/\/wunderbarewelt.at\/#\/schema\/person\/90f1d75575ae9f3271baa003eddcc94f","name":"admin","image":{"@type":"ImageObject","inLanguage":"de","@id":"https:\/\/wunderbarewelt.at\/#\/schema\/person\/image\/","url":"https:\/\/secure.gravatar.com\/avatar\/d95ed41672a920659d9268dafe442cfd1805b4fb641c2d4c935997f5c80097a2?s=96&d=mm&r=g","contentUrl":"https:\/\/secure.gravatar.com\/avatar\/d95ed41672a920659d9268dafe442cfd1805b4fb641c2d4c935997f5c80097a2?s=96&d=mm&r=g","caption":"admin"},"sameAs":["https:\/\/wunderbarewelt.at"],"url":"https:\/\/wunderbarewelt.at\/?author=1"}]}},"_links":{"self":[{"href":"https:\/\/wunderbarewelt.at\/index.php?rest_route=\/wp\/v2\/posts\/39","targetHints":{"allow":["GET"]}}],"collection":[{"href":"https:\/\/wunderbarewelt.at\/index.php?rest_route=\/wp\/v2\/posts"}],"about":[{"href":"https:\/\/wunderbarewelt.at\/index.php?rest_route=\/wp\/v2\/types\/post"}],"author":[{"embeddable":true,"href":"https:\/\/wunderbarewelt.at\/index.php?rest_route=\/wp\/v2\/users\/1"}],"replies":[{"embeddable":true,"href":"https:\/\/wunderbarewelt.at\/index.php?rest_route=%2Fwp%2Fv2%2Fcomments&post=39"}],"version-history":[{"count":7,"href":"https:\/\/wunderbarewelt.at\/index.php?rest_route=\/wp\/v2\/posts\/39\/revisions"}],"predecessor-version":[{"id":64,"href":"https:\/\/wunderbarewelt.at\/index.php?rest_route=\/wp\/v2\/posts\/39\/revisions\/64"}],"wp:featuredmedia":[{"embeddable":true,"href":"https:\/\/wunderbarewelt.at\/index.php?rest_route=\/wp\/v2\/media\/61"}],"wp:attachment":[{"href":"https:\/\/wunderbarewelt.at\/index.php?rest_route=%2Fwp%2Fv2%2Fmedia&parent=39"}],"wp:term":[{"taxonomy":"category","embeddable":true,"href":"https:\/\/wunderbarewelt.at\/index.php?rest_route=%2Fwp%2Fv2%2Fcategories&post=39"},{"taxonomy":"post_tag","embeddable":true,"href":"https:\/\/wunderbarewelt.at\/index.php?rest_route=%2Fwp%2Fv2%2Ftags&post=39"}],"curies":[{"name":"wp","href":"https:\/\/api.w.org\/{rel}","templated":true}]}}