{"id":1,"date":"2022-09-21T11:47:25","date_gmt":"2022-09-21T11:47:25","guid":{"rendered":"https:\/\/wunderbarewelt.at\/?p=1"},"modified":"2022-09-23T08:58:22","modified_gmt":"2022-09-23T08:58:22","slug":"hello-world","status":"publish","type":"post","link":"https:\/\/wunderbarewelt.at\/?p=1","title":{"rendered":"Hallo wunderbare Welt!"},"content":{"rendered":"\n<figure class=\"wp-block-image size-large\"><a href=\"https:\/\/wunderbarewelt.at\/?p=39\" target=\"_blank\" rel=\"noreferrer noopener\"><img loading=\"lazy\" decoding=\"async\" width=\"650\" height=\"1024\" src=\"https:\/\/wunderbarewelt.at\/wp-content\/uploads\/2022\/09\/Die-Welt-der-Celia_mit_Legende_2022-650x1024.jpg\" alt=\"die wunderbare Welt der Celia von oben betrachtet\" class=\"wp-image-28\" srcset=\"https:\/\/wunderbarewelt.at\/wp-content\/uploads\/2022\/09\/Die-Welt-der-Celia_mit_Legende_2022-650x1024.jpg 650w, https:\/\/wunderbarewelt.at\/wp-content\/uploads\/2022\/09\/Die-Welt-der-Celia_mit_Legende_2022-190x300.jpg 190w, https:\/\/wunderbarewelt.at\/wp-content\/uploads\/2022\/09\/Die-Welt-der-Celia_mit_Legende_2022-768x1210.jpg 768w, https:\/\/wunderbarewelt.at\/wp-content\/uploads\/2022\/09\/Die-Welt-der-Celia_mit_Legende_2022-975x1536.jpg 975w, https:\/\/wunderbarewelt.at\/wp-content\/uploads\/2022\/09\/Die-Welt-der-Celia_mit_Legende_2022.jpg 1122w\" sizes=\"auto, (max-width: 650px) 100vw, 650px\" \/><\/a><figcaption>\u00dcbersicht der wunderbaren Welt der Celia<\/figcaption><\/figure>\n\n\n\n<p>Als Niki in der wunderbare Welt landet, wissen wir nicht, ob dessen innere Kid ein M\u00e4dchen oder ein Junge ist. Rudi Beckmesser erkl\u00e4rt, wie die Anrede f\u00fcr das Kid funktioniert: &#8222;Wir nehmen also \u00bbser\u00ab f\u00fcr sie oder er, \u00bbsin\u00ab f\u00fcr sein oder ihr, \u00bbhim\u00ab f\u00fcr ihm oder sie, \u00bbhen\u00ab f\u00fcr ihr oder ihn &#8211; einverstanden?&#8220;<\/p>\n\n\n\n<p><em>Warum ein neues Personalpronomen? Die Deutsche Sprache l\u00e4sst noch weniger als alle anderen Sprachen die Gleichstellung unter den Leuten zu. Sprache ist aber seit jeher ver\u00e4nderlich und wir bieten hier eine neue Form der gleichwertigen Kommunikation an. Jedes Wesen auf diesem Planeten ist bei siner Geburt gleich viel mehr Wert!<\/em><\/p>\n\n\n\n<p>Zum H\u00f6rspiel geht es <mark style=\"background-color:#ffe2c7\" class=\"has-inline-color\"><strong>hier, bitte anclicken!<\/strong><\/mark><\/p>\n\n\n\n<figure class=\"wp-block-image size-large\"><a href=\"https:\/\/wunderbarewelt.at\/?attachment_id=29\"><img loading=\"lazy\" decoding=\"async\" width=\"1024\" height=\"736\" src=\"https:\/\/wunderbarewelt.at\/wp-content\/uploads\/2022\/09\/ww1_film_fahrrad-02_2022-1-1024x736.jpg\" alt=\"\" class=\"wp-image-29\" srcset=\"https:\/\/wunderbarewelt.at\/wp-content\/uploads\/2022\/09\/ww1_film_fahrrad-02_2022-1-1024x736.jpg 1024w, https:\/\/wunderbarewelt.at\/wp-content\/uploads\/2022\/09\/ww1_film_fahrrad-02_2022-1-300x216.jpg 300w, https:\/\/wunderbarewelt.at\/wp-content\/uploads\/2022\/09\/ww1_film_fahrrad-02_2022-1-768x552.jpg 768w, https:\/\/wunderbarewelt.at\/wp-content\/uploads\/2022\/09\/ww1_film_fahrrad-02_2022-1-1536x1104.jpg 1536w, https:\/\/wunderbarewelt.at\/wp-content\/uploads\/2022\/09\/ww1_film_fahrrad-02_2022-1-2048x1472.jpg 2048w\" sizes=\"auto, (max-width: 1024px) 100vw, 1024px\" \/><\/a><figcaption>Niki verliert alle Erinnerungen<\/figcaption><\/figure>\n\n\n\n<figure class=\"wp-block-embed is-type-video is-provider-youtube wp-block-embed-youtube wp-embed-aspect-16-9 wp-has-aspect-ratio\"><div class=\"wp-block-embed__wrapper\">\n<iframe loading=\"lazy\" title=\"ww das Daumenkino 2015\" width=\"500\" height=\"281\" src=\"https:\/\/www.youtube.com\/embed\/WhIK6RkgTqo?feature=oembed\" frameborder=\"0\" allow=\"accelerometer; autoplay; clipboard-write; encrypted-media; gyroscope; picture-in-picture; web-share\" referrerpolicy=\"strict-origin-when-cross-origin\" allowfullscreen><\/iframe>\n<\/div><figcaption>Daumenkino<\/figcaption><\/figure>\n\n\n\n<figure class=\"wp-block-embed is-type-video is-provider-youtube wp-block-embed-youtube wp-embed-aspect-16-9 wp-has-aspect-ratio\"><div class=\"wp-block-embed__wrapper\">\n<iframe loading=\"lazy\" title=\"Leseprobe aus &quot;Die wunderbare Welt der Celia&quot;.\" width=\"500\" height=\"281\" src=\"https:\/\/www.youtube.com\/embed\/De4dLvOezpw?feature=oembed\" frameborder=\"0\" allow=\"accelerometer; autoplay; clipboard-write; encrypted-media; gyroscope; picture-in-picture; web-share\" referrerpolicy=\"strict-origin-when-cross-origin\" allowfullscreen><\/iframe>\n<\/div><figcaption>Leseprobe, wie Niki in die wunderbare Welt reist<\/figcaption><\/figure>\n","protected":false},"excerpt":{"rendered":"<p>Als Niki in der wunderbare Welt landet, wissen wir nicht, ob dessen innere Kid ein M\u00e4dchen oder ein Junge ist. Rudi Beckmesser erkl\u00e4rt, wie die Anrede f\u00fcr das Kid funktioniert: &#8222;Wir nehmen also \u00bbser\u00ab f\u00fcr sie oder er, \u00bbsin\u00ab f\u00fcr sein oder ihr, \u00bbhim\u00ab f\u00fcr ihm oder sie, \u00bbhen\u00ab f\u00fcr ihr oder ihn &#8211; einverstanden?&#8220; [&hellip;]<\/p>\n","protected":false},"author":1,"featured_media":14,"comment_status":"open","ping_status":"open","sticky":false,"template":"","format":"standard","meta":{"footnotes":""},"categories":[13,14,15],"tags":[8,5,11,10,7,6,4,3],"class_list":["post-1","post","type-post","status-publish","format-standard","has-post-thumbnail","hentry","category-fantasy","category-magic-world","category-matter","tag-amon","tag-celia","tag-fantasy","tag-magie","tag-niki","tag-sami","tag-welt","tag-wunderbar"],"yoast_head":"<!-- This site is optimized with the Yoast SEO plugin v21.6 - https:\/\/yoast.com\/wordpress\/plugins\/seo\/ -->\n<title>Hallo wunderbare Welt! - Wunderbarewelt<\/title>\n<meta name=\"robots\" content=\"index, follow, max-snippet:-1, max-image-preview:large, max-video-preview:-1\" \/>\n<link rel=\"canonical\" href=\"https:\/\/wunderbarewelt.at\/?p=1\" \/>\n<meta property=\"og:locale\" content=\"de_DE\" \/>\n<meta property=\"og:type\" content=\"article\" \/>\n<meta property=\"og:title\" content=\"Hallo wunderbare Welt! - Wunderbarewelt\" \/>\n<meta property=\"og:description\" content=\"Als Niki in der wunderbare Welt landet, wissen wir nicht, ob dessen innere Kid ein M\u00e4dchen oder ein Junge ist. Rudi Beckmesser erkl\u00e4rt, wie die Anrede f\u00fcr das Kid funktioniert: &#8222;Wir nehmen also \u00bbser\u00ab f\u00fcr sie oder er, \u00bbsin\u00ab f\u00fcr sein oder ihr, \u00bbhim\u00ab f\u00fcr ihm oder sie, \u00bbhen\u00ab f\u00fcr ihr oder ihn &#8211; einverstanden?&#8220; [&hellip;]\" \/>\n<meta property=\"og:url\" content=\"https:\/\/wunderbarewelt.at\/?p=1\" \/>\n<meta property=\"og:site_name\" content=\"Wunderbarewelt\" \/>\n<meta property=\"article:published_time\" content=\"2022-09-21T11:47:25+00:00\" \/>\n<meta property=\"article:modified_time\" content=\"2022-09-23T08:58:22+00:00\" \/>\n<meta property=\"og:image\" content=\"https:\/\/wunderbarewelt.at\/wp-content\/uploads\/2022\/09\/Niki-und-sin-Team_Sendung_02_24-12-2021_HP_Radio-Proton.png\" \/>\n\t<meta property=\"og:image:width\" content=\"800\" \/>\n\t<meta property=\"og:image:height\" content=\"476\" \/>\n\t<meta property=\"og:image:type\" content=\"image\/png\" \/>\n<meta name=\"author\" content=\"admin\" \/>\n<meta name=\"twitter:card\" content=\"summary_large_image\" \/>\n<meta name=\"twitter:label1\" content=\"Verfasst von\" \/>\n\t<meta name=\"twitter:data1\" content=\"admin\" \/>\n\t<meta name=\"twitter:label2\" content=\"Gesch\u00e4tzte Lesezeit\" \/>\n\t<meta name=\"twitter:data2\" content=\"2\u00a0Minuten\" \/>\n<script type=\"application\/ld+json\" class=\"yoast-schema-graph\">{\"@context\":\"https:\/\/schema.org\",\"@graph\":[{\"@type\":\"WebPage\",\"@id\":\"https:\/\/wunderbarewelt.at\/?p=1\",\"url\":\"https:\/\/wunderbarewelt.at\/?p=1\",\"name\":\"Hallo wunderbare Welt! - Wunderbarewelt\",\"isPartOf\":{\"@id\":\"https:\/\/wunderbarewelt.at\/#website\"},\"datePublished\":\"2022-09-21T11:47:25+00:00\",\"dateModified\":\"2022-09-23T08:58:22+00:00\",\"author\":{\"@id\":\"https:\/\/wunderbarewelt.at\/#\/schema\/person\/90f1d75575ae9f3271baa003eddcc94f\"},\"breadcrumb\":{\"@id\":\"https:\/\/wunderbarewelt.at\/?p=1#breadcrumb\"},\"inLanguage\":\"de\",\"potentialAction\":[{\"@type\":\"ReadAction\",\"target\":[\"https:\/\/wunderbarewelt.at\/?p=1\"]}]},{\"@type\":\"BreadcrumbList\",\"@id\":\"https:\/\/wunderbarewelt.at\/?p=1#breadcrumb\",\"itemListElement\":[{\"@type\":\"ListItem\",\"position\":1,\"name\":\"Startseite\",\"item\":\"https:\/\/wunderbarewelt.at\/\"},{\"@type\":\"ListItem\",\"position\":2,\"name\":\"Hallo wunderbare Welt!\"}]},{\"@type\":\"WebSite\",\"@id\":\"https:\/\/wunderbarewelt.at\/#website\",\"url\":\"https:\/\/wunderbarewelt.at\/\",\"name\":\"Wunderbarewelt\",\"description\":\"Just another WordPress site\",\"potentialAction\":[{\"@type\":\"SearchAction\",\"target\":{\"@type\":\"EntryPoint\",\"urlTemplate\":\"https:\/\/wunderbarewelt.at\/?s={search_term_string}\"},\"query-input\":\"required name=search_term_string\"}],\"inLanguage\":\"de\"},{\"@type\":\"Person\",\"@id\":\"https:\/\/wunderbarewelt.at\/#\/schema\/person\/90f1d75575ae9f3271baa003eddcc94f\",\"name\":\"admin\",\"image\":{\"@type\":\"ImageObject\",\"inLanguage\":\"de\",\"@id\":\"https:\/\/wunderbarewelt.at\/#\/schema\/person\/image\/\",\"url\":\"https:\/\/secure.gravatar.com\/avatar\/d95ed41672a920659d9268dafe442cfd1805b4fb641c2d4c935997f5c80097a2?s=96&d=mm&r=g\",\"contentUrl\":\"https:\/\/secure.gravatar.com\/avatar\/d95ed41672a920659d9268dafe442cfd1805b4fb641c2d4c935997f5c80097a2?s=96&d=mm&r=g\",\"caption\":\"admin\"},\"sameAs\":[\"https:\/\/wunderbarewelt.at\"],\"url\":\"https:\/\/wunderbarewelt.at\/?author=1\"}]}<\/script>\n<!-- \/ Yoast SEO plugin. -->","yoast_head_json":{"title":"Hallo wunderbare Welt! - Wunderbarewelt","robots":{"index":"index","follow":"follow","max-snippet":"max-snippet:-1","max-image-preview":"max-image-preview:large","max-video-preview":"max-video-preview:-1"},"canonical":"https:\/\/wunderbarewelt.at\/?p=1","og_locale":"de_DE","og_type":"article","og_title":"Hallo wunderbare Welt! - Wunderbarewelt","og_description":"Als Niki in der wunderbare Welt landet, wissen wir nicht, ob dessen innere Kid ein M\u00e4dchen oder ein Junge ist. Rudi Beckmesser erkl\u00e4rt, wie die Anrede f\u00fcr das Kid funktioniert: &#8222;Wir nehmen also \u00bbser\u00ab f\u00fcr sie oder er, \u00bbsin\u00ab f\u00fcr sein oder ihr, \u00bbhim\u00ab f\u00fcr ihm oder sie, \u00bbhen\u00ab f\u00fcr ihr oder ihn &#8211; einverstanden?&#8220; [&hellip;]","og_url":"https:\/\/wunderbarewelt.at\/?p=1","og_site_name":"Wunderbarewelt","article_published_time":"2022-09-21T11:47:25+00:00","article_modified_time":"2022-09-23T08:58:22+00:00","og_image":[{"width":800,"height":476,"url":"https:\/\/wunderbarewelt.at\/wp-content\/uploads\/2022\/09\/Niki-und-sin-Team_Sendung_02_24-12-2021_HP_Radio-Proton.png","type":"image\/png"}],"author":"admin","twitter_card":"summary_large_image","twitter_misc":{"Verfasst von":"admin","Gesch\u00e4tzte Lesezeit":"2\u00a0Minuten"},"schema":{"@context":"https:\/\/schema.org","@graph":[{"@type":"WebPage","@id":"https:\/\/wunderbarewelt.at\/?p=1","url":"https:\/\/wunderbarewelt.at\/?p=1","name":"Hallo wunderbare Welt! - Wunderbarewelt","isPartOf":{"@id":"https:\/\/wunderbarewelt.at\/#website"},"datePublished":"2022-09-21T11:47:25+00:00","dateModified":"2022-09-23T08:58:22+00:00","author":{"@id":"https:\/\/wunderbarewelt.at\/#\/schema\/person\/90f1d75575ae9f3271baa003eddcc94f"},"breadcrumb":{"@id":"https:\/\/wunderbarewelt.at\/?p=1#breadcrumb"},"inLanguage":"de","potentialAction":[{"@type":"ReadAction","target":["https:\/\/wunderbarewelt.at\/?p=1"]}]},{"@type":"BreadcrumbList","@id":"https:\/\/wunderbarewelt.at\/?p=1#breadcrumb","itemListElement":[{"@type":"ListItem","position":1,"name":"Startseite","item":"https:\/\/wunderbarewelt.at\/"},{"@type":"ListItem","position":2,"name":"Hallo wunderbare Welt!"}]},{"@type":"WebSite","@id":"https:\/\/wunderbarewelt.at\/#website","url":"https:\/\/wunderbarewelt.at\/","name":"Wunderbarewelt","description":"Just another WordPress site","potentialAction":[{"@type":"SearchAction","target":{"@type":"EntryPoint","urlTemplate":"https:\/\/wunderbarewelt.at\/?s={search_term_string}"},"query-input":"required name=search_term_string"}],"inLanguage":"de"},{"@type":"Person","@id":"https:\/\/wunderbarewelt.at\/#\/schema\/person\/90f1d75575ae9f3271baa003eddcc94f","name":"admin","image":{"@type":"ImageObject","inLanguage":"de","@id":"https:\/\/wunderbarewelt.at\/#\/schema\/person\/image\/","url":"https:\/\/secure.gravatar.com\/avatar\/d95ed41672a920659d9268dafe442cfd1805b4fb641c2d4c935997f5c80097a2?s=96&d=mm&r=g","contentUrl":"https:\/\/secure.gravatar.com\/avatar\/d95ed41672a920659d9268dafe442cfd1805b4fb641c2d4c935997f5c80097a2?s=96&d=mm&r=g","caption":"admin"},"sameAs":["https:\/\/wunderbarewelt.at"],"url":"https:\/\/wunderbarewelt.at\/?author=1"}]}},"_links":{"self":[{"href":"https:\/\/wunderbarewelt.at\/index.php?rest_route=\/wp\/v2\/posts\/1","targetHints":{"allow":["GET"]}}],"collection":[{"href":"https:\/\/wunderbarewelt.at\/index.php?rest_route=\/wp\/v2\/posts"}],"about":[{"href":"https:\/\/wunderbarewelt.at\/index.php?rest_route=\/wp\/v2\/types\/post"}],"author":[{"embeddable":true,"href":"https:\/\/wunderbarewelt.at\/index.php?rest_route=\/wp\/v2\/users\/1"}],"replies":[{"embeddable":true,"href":"https:\/\/wunderbarewelt.at\/index.php?rest_route=%2Fwp%2Fv2%2Fcomments&post=1"}],"version-history":[{"count":8,"href":"https:\/\/wunderbarewelt.at\/index.php?rest_route=\/wp\/v2\/posts\/1\/revisions"}],"predecessor-version":[{"id":59,"href":"https:\/\/wunderbarewelt.at\/index.php?rest_route=\/wp\/v2\/posts\/1\/revisions\/59"}],"wp:featuredmedia":[{"embeddable":true,"href":"https:\/\/wunderbarewelt.at\/index.php?rest_route=\/wp\/v2\/media\/14"}],"wp:attachment":[{"href":"https:\/\/wunderbarewelt.at\/index.php?rest_route=%2Fwp%2Fv2%2Fmedia&parent=1"}],"wp:term":[{"taxonomy":"category","embeddable":true,"href":"https:\/\/wunderbarewelt.at\/index.php?rest_route=%2Fwp%2Fv2%2Fcategories&post=1"},{"taxonomy":"post_tag","embeddable":true,"href":"https:\/\/wunderbarewelt.at\/index.php?rest_route=%2Fwp%2Fv2%2Ftags&post=1"}],"curies":[{"name":"wp","href":"https:\/\/api.w.org\/{rel}","templated":true}]}}